{"id":7106,"date":"2024-09-13T01:13:21","date_gmt":"2024-09-12T23:13:21","guid":{"rendered":"https:\/\/www.soval.fr\/?p=7106"},"modified":"2024-09-13T01:13:21","modified_gmt":"2024-09-12T23:13:21","slug":"rentree-2024-la-tournee-des-salons","status":"publish","type":"post","link":"https:\/\/www.soval.fr\/fr\/blog\/rentree-2024-la-tournee-des-salons\/","title":{"rendered":"Rentr\u00e9e 2024 : la tourn\u00e9e des salons"},"content":{"rendered":"\n<div class=\"wp-block-group alignfull has-background is-layout-constrained wp-block-group-is-layout-constrained\" style=\"background-color:#eaeff3;margin-top:0;margin-bottom:0;padding-top:var(--wp--preset--spacing--80);padding-bottom:var(--wp--preset--spacing--80)\">\n<div class=\"wp-block-columns is-layout-flex wp-container-core-columns-is-layout-51c8ee58 wp-block-columns-is-layout-flex\" style=\"padding-top:var(--wp--preset--spacing--70);padding-bottom:var(--wp--preset--spacing--70)\">\n<div class=\"wp-block-column is-layout-flow wp-block-column-is-layout-flow\">\n<p>Vous souhaitez en savoir plus sur Soval ? Rendez-vous sur les prochains salons professionnels d\u00e8s septembre 2024. Nous vous y attendons pour vous pr\u00e9senter notre nouvelle image de marque et vous faire d\u00e9couvrir nos solutions sur-mesure en mati\u00e8re d&#8217;adduction d&#8217;eau potable et de voirie. Profitez-en pour rencontrer nos experts technico-commerciaux et discuter de vos projets.<\/p>\n<\/div>\n<\/div>\n\n\n\n<h2 class=\"wp-block-heading has-bleu-roi-color has-text-color has-link-color wp-elements-218c07d5e352b0bc1ed464e3281c9450\">Nos rendez-vous r\u00e9gionaux<\/h2>\n\n\n\n<div class=\"wp-block-columns is-layout-flex wp-container-core-columns-is-layout-e5c6600c wp-block-columns-is-layout-flex\" style=\"margin-top:0;margin-bottom:0;padding-right:var(--wp--preset--spacing--60);padding-left:var(--wp--preset--spacing--60)\">\n<div class=\"wp-block-column is-layout-flow wp-block-column-is-layout-flow\">\n<div class=\"wp-block-group colonne_max is-vertical is-layout-flex wp-container-core-group-is-layout-fe9cc265 wp-block-group-is-layout-flex\">\n<ul class=\"wp-block-list\">\n<li style=\"font-size:1.2em\"><strong>Le Carrefour des gestions durables de l&#8217;eau \u00e0 Dijon &#8211; 11 et 12 septembre<\/strong><span id=\"docs-internal-guid-e5467699-7fff-54a4-33d4-9d4727094f07\"><div><span style=\"font-size: 11pt; font-family: Calibri, sans-serif; background-color: transparent; font-variant-numeric: normal; font-variant-east-asian: normal; font-variant-alternates: normal; font-variant-position: normal; vertical-align: baseline;\"><\/span><\/div><\/span><\/li>\n<\/ul>\n\n\n\n<p class=\"has-bleu-roi-color has-text-color has-link-color has-bleu-roi-color has-text-color\">O\u00f9 ? Dijon (21)<br>Quand ? Les mercredi 11 et jeudi 12 septembre<\/p>\n\n\n\n<hr class=\"wp-block-separator has-alpha-channel-opacity\" style=\"margin-top:var(--wp--preset--spacing--20);margin-bottom:var(--wp--preset--spacing--20)\"\/>\n\n\n\n<p>Le Carrefour des gestions durables de l&#8217;eau \u00e0 Dijon est un \u00e9v\u00e9nement incontournable pour tous les acteurs de l&#8217;eau en Bourgogne-Franche-Comt\u00e9. Il offre une plateforme d&#8217;\u00e9change et de partage d&#8217;expertise pour co-construire des solutions innovantes et durables face aux d\u00e9fis de la gestion de l&#8217;eau.<br><br>Plus d&#8217;infos sur : <a href=\"https:\/\/www.idealco.fr\/evenements\/carrefour-des-gestions-durables-de-l-eau-712\" rel=\"nofollow noopener\" target=\"_blank\">www.idealco.fr<\/a><\/p>\n\n\n\n<div style=\"height:0px\" aria-hidden=\"true\" class=\"wp-block-spacer wp-container-content-4dd21e30\"><\/div>\n\n\n\n<figure class=\"wp-block-image size-full mobile-img_full element-bottom wp-container-content-e0b89f81\"><img decoding=\"async\" width=\"700\" height=\"400\" src=\"https:\/\/www.soval.fr\/wp-content\/uploads\/2024\/09\/700x400.jpg\" alt=\"\" class=\"wp-image-7111\" style=\"aspect-ratio:16\/9;object-fit:cover\" srcset=\"https:\/\/www.soval.fr\/wp-content\/uploads\/2024\/09\/700x400.jpg 700w, https:\/\/www.soval.fr\/wp-content\/uploads\/2024\/09\/700x400-300x171.jpg 300w, https:\/\/www.soval.fr\/wp-content\/uploads\/2024\/09\/700x400-600x343.jpg 600w\" sizes=\"(max-width: 700px) 100vw, 700px\" \/><\/figure>\n<\/div>\n<\/div>\n\n\n\n<div class=\"wp-block-column is-layout-flow wp-block-column-is-layout-flow\">\n<div class=\"wp-block-group colonne_max is-vertical is-layout-flex wp-container-core-group-is-layout-fe9cc265 wp-block-group-is-layout-flex\">\n<ul class=\"wp-block-list\">\n<li style=\"font-size:1.2em\"><strong>Cycl&#8217;eau eau\u00a0centre-val de Loire &#8211; 9 et 10 octobre<\/strong><span id=\"docs-internal-guid-f32dc1d1-7fff-c2ba-bf4a-48461c52f609\"><div><span style=\"font-size: 11pt; font-family: Calibri, sans-serif; background-color: transparent; font-variant-numeric: normal; font-variant-east-asian: normal; font-variant-alternates: normal; font-variant-position: normal; vertical-align: baseline;\"><\/span><\/div><\/span><\/li>\n<\/ul>\n\n\n\n<p class=\"has-bleu-roi-color has-text-color has-link-color has-bleu-roi-color has-text-color\">O\u00f9 ? Orl\u00e9ans (45)<br>Quand ? Les mercredi 9 et jeudi 10 octobre<\/p>\n\n\n\n<hr class=\"wp-block-separator has-alpha-channel-opacity\" style=\"margin-top:var(--wp--preset--spacing--20);margin-bottom:var(--wp--preset--spacing--20)\"\/>\n\n\n\n<p>Le Cycl&#8217;eau est le rendez-vous incontournable des professionnels de l&#8217;eau. Ce salon rassemble chaque ann\u00e9e les acteurs du secteur pour pr\u00e9senter les derni\u00e8res innovations, les solutions les plus efficaces et les services les plus adapt\u00e9s aux enjeux de la gestion de l&#8217;eau.<br><br>Plus d&#8217;infos sur : <a href=\"https:\/\/www.cycleau.fr\/edition\/cycleau-centre-val-de-loire-2024\" rel=\"nofollow noopener\" target=\"_blank\">www.cycleau.fr<\/a><\/p>\n\n\n\n<div style=\"height:0px\" aria-hidden=\"true\" class=\"wp-block-spacer wp-container-content-4dd21e30\"><\/div>\n\n\n\n<figure class=\"wp-block-image size-large mobile-img_full element-bottom wp-container-content-e0b89f81\"><img decoding=\"async\" width=\"1024\" height=\"513\" src=\"https:\/\/www.soval.fr\/wp-content\/uploads\/2024\/09\/cvl24_banniere-960x480-1-1024x513.png\" alt=\"\" class=\"wp-image-7112\" style=\"aspect-ratio:16\/9;object-fit:cover\" srcset=\"https:\/\/www.soval.fr\/wp-content\/uploads\/2024\/09\/cvl24_banniere-960x480-1-1024x513.png 1024w, https:\/\/www.soval.fr\/wp-content\/uploads\/2024\/09\/cvl24_banniere-960x480-1-300x150.png 300w, https:\/\/www.soval.fr\/wp-content\/uploads\/2024\/09\/cvl24_banniere-960x480-1-768x384.png 768w, https:\/\/www.soval.fr\/wp-content\/uploads\/2024\/09\/cvl24_banniere-960x480-1-1536x769.png 1536w, https:\/\/www.soval.fr\/wp-content\/uploads\/2024\/09\/cvl24_banniere-960x480-1-600x300.png 600w, https:\/\/www.soval.fr\/wp-content\/uploads\/2024\/09\/cvl24_banniere-960x480-1.png 2000w\" sizes=\"(max-width: 1024px) 100vw, 1024px\" \/><\/figure>\n<\/div>\n<\/div>\n<\/div>\n<\/div>\n\n\n\n<div class=\"wp-block-group alignfull hidden-mobile is-layout-constrained wp-block-group-is-layout-constrained\" style=\"margin-top:0;margin-bottom:0;padding-top:0;padding-bottom:0\">\n<div class=\"wp-block-group alignfull is-nowrap is-layout-flex wp-container-core-group-is-layout-6c531013 wp-block-group-is-layout-flex\">\n<figure class=\"wp-block-image size-large wp-container-content-b0223bd5\"><img decoding=\"async\" width=\"1024\" height=\"683\" src=\"https:\/\/www.soval.fr\/wp-content\/uploads\/2024\/09\/a7400070-1024x683.jpg\" alt=\"\" class=\"wp-image-7121\" style=\"aspect-ratio:1;object-fit:cover\" srcset=\"https:\/\/www.soval.fr\/wp-content\/uploads\/2024\/09\/a7400070-1024x683.jpg 1024w, https:\/\/www.soval.fr\/wp-content\/uploads\/2024\/09\/a7400070-300x200.jpg 300w, https:\/\/www.soval.fr\/wp-content\/uploads\/2024\/09\/a7400070-768x512.jpg 768w, https:\/\/www.soval.fr\/wp-content\/uploads\/2024\/09\/a7400070-1536x1024.jpg 1536w, https:\/\/www.soval.fr\/wp-content\/uploads\/2024\/09\/a7400070-2048x1365.jpg 2048w, https:\/\/www.soval.fr\/wp-content\/uploads\/2024\/09\/a7400070-600x400.jpg 600w\" sizes=\"(max-width: 1024px) 100vw, 1024px\" \/><\/figure>\n\n\n\n<figure class=\"wp-block-image size-large wp-container-content-b0223bd5\"><img decoding=\"async\" width=\"683\" height=\"1024\" src=\"https:\/\/www.soval.fr\/wp-content\/uploads\/2024\/09\/a7403768-683x1024.jpg\" alt=\"\" class=\"wp-image-7122\" style=\"aspect-ratio:1;object-fit:cover\" srcset=\"https:\/\/www.soval.fr\/wp-content\/uploads\/2024\/09\/a7403768-683x1024.jpg 683w, https:\/\/www.soval.fr\/wp-content\/uploads\/2024\/09\/a7403768-200x300.jpg 200w, https:\/\/www.soval.fr\/wp-content\/uploads\/2024\/09\/a7403768-768x1152.jpg 768w, https:\/\/www.soval.fr\/wp-content\/uploads\/2024\/09\/a7403768-1024x1536.jpg 1024w, https:\/\/www.soval.fr\/wp-content\/uploads\/2024\/09\/a7403768-1365x2048.jpg 1365w, https:\/\/www.soval.fr\/wp-content\/uploads\/2024\/09\/a7403768-600x900.jpg 600w, https:\/\/www.soval.fr\/wp-content\/uploads\/2024\/09\/a7403768-scaled.jpg 1707w\" sizes=\"(max-width: 683px) 100vw, 683px\" \/><\/figure>\n\n\n\n<figure class=\"wp-block-image size-large wp-container-content-b0223bd5\"><img decoding=\"async\" width=\"1024\" height=\"683\" src=\"https:\/\/www.soval.fr\/wp-content\/uploads\/2024\/09\/a7403821-1024x683.jpg\" alt=\"\" class=\"wp-image-7123\" style=\"aspect-ratio:1;object-fit:cover\" srcset=\"https:\/\/www.soval.fr\/wp-content\/uploads\/2024\/09\/a7403821-1024x683.jpg 1024w, https:\/\/www.soval.fr\/wp-content\/uploads\/2024\/09\/a7403821-300x200.jpg 300w, https:\/\/www.soval.fr\/wp-content\/uploads\/2024\/09\/a7403821-768x512.jpg 768w, https:\/\/www.soval.fr\/wp-content\/uploads\/2024\/09\/a7403821-1536x1024.jpg 1536w, https:\/\/www.soval.fr\/wp-content\/uploads\/2024\/09\/a7403821-2048x1365.jpg 2048w, https:\/\/www.soval.fr\/wp-content\/uploads\/2024\/09\/a7403821-600x400.jpg 600w\" sizes=\"(max-width: 1024px) 100vw, 1024px\" \/><\/figure>\n\n\n\n<figure class=\"wp-block-image size-large wp-container-content-b0223bd5\"><img decoding=\"async\" width=\"576\" height=\"1024\" src=\"https:\/\/www.soval.fr\/wp-content\/uploads\/2024\/09\/20220601_111520-576x1024.jpg\" alt=\"\" class=\"wp-image-7124\" style=\"aspect-ratio:1;object-fit:cover\" srcset=\"https:\/\/www.soval.fr\/wp-content\/uploads\/2024\/09\/20220601_111520-576x1024.jpg 576w, https:\/\/www.soval.fr\/wp-content\/uploads\/2024\/09\/20220601_111520-169x300.jpg 169w, https:\/\/www.soval.fr\/wp-content\/uploads\/2024\/09\/20220601_111520-768x1365.jpg 768w, https:\/\/www.soval.fr\/wp-content\/uploads\/2024\/09\/20220601_111520-864x1536.jpg 864w, https:\/\/www.soval.fr\/wp-content\/uploads\/2024\/09\/20220601_111520-1152x2048.jpg 1152w, https:\/\/www.soval.fr\/wp-content\/uploads\/2024\/09\/20220601_111520-600x1067.jpg 600w, https:\/\/www.soval.fr\/wp-content\/uploads\/2024\/09\/20220601_111520-scaled.jpg 1440w\" sizes=\"(max-width: 576px) 100vw, 576px\" \/><\/figure>\n<\/div>\n<\/div>\n\n\n\n<figure class=\"wp-block-image size-large hidden-desktop mobile-img_full\"><img decoding=\"async\" width=\"1024\" height=\"682\" src=\"https:\/\/www.soval.fr\/wp-content\/uploads\/2024\/08\/dsc06452-1024x682.jpg\" alt=\"\" class=\"wp-image-5335\" srcset=\"https:\/\/www.soval.fr\/wp-content\/uploads\/2024\/08\/dsc06452-1024x682.jpg 1024w, https:\/\/www.soval.fr\/wp-content\/uploads\/2024\/08\/dsc06452-300x200.jpg 300w, https:\/\/www.soval.fr\/wp-content\/uploads\/2024\/08\/dsc06452-768x512.jpg 768w, https:\/\/www.soval.fr\/wp-content\/uploads\/2024\/08\/dsc06452-1536x1024.jpg 1536w, https:\/\/www.soval.fr\/wp-content\/uploads\/2024\/08\/dsc06452-600x400.jpg 600w, https:\/\/www.soval.fr\/wp-content\/uploads\/2024\/08\/dsc06452.jpg 2000w\" sizes=\"(max-width: 1024px) 100vw, 1024px\" \/><\/figure>\n\n\n\n<div class=\"wp-block-group is-layout-constrained wp-container-core-group-is-layout-4008b002 wp-block-group-is-layout-constrained\" style=\"margin-top:var(--wp--preset--spacing--60);margin-bottom:var(--wp--preset--spacing--60);padding-top:0;padding-right:0;padding-bottom:0;padding-left:0\">\n<h2 class=\"wp-block-heading has-bleu-roi-color has-text-color has-link-color wp-elements-f90b0cc1db0137b1dbcbf3e12e22e962\">Nos rendez-vous locaux<\/h2>\n\n\n\n<div class=\"wp-block-columns is-layout-flex wp-container-core-columns-is-layout-e5c6600c wp-block-columns-is-layout-flex\" style=\"margin-top:0;margin-bottom:0;padding-right:var(--wp--preset--spacing--60);padding-left:var(--wp--preset--spacing--60)\">\n<div class=\"wp-block-column is-layout-flow wp-block-column-is-layout-flow\">\n<div class=\"wp-block-group colonne_max is-vertical is-layout-flex wp-container-core-group-is-layout-fe9cc265 wp-block-group-is-layout-flex\">\n<ul class=\"wp-block-list\">\n<li style=\"font-size:1.2em\"><strong>Carrefour des collectivit\u00e9s locales &#8211; 10 et 11 octobre <\/strong><span id=\"docs-internal-guid-e5467699-7fff-54a4-33d4-9d4727094f07\"><div><span style=\"font-size: 11pt; font-family: Calibri, sans-serif; background-color: transparent; font-variant-numeric: normal; font-variant-east-asian: normal; font-variant-alternates: normal; font-variant-position: normal; vertical-align: baseline;\"><\/span><\/div><\/span><\/li>\n<\/ul>\n\n\n\n<p class=\"has-bleu-roi-color has-text-color has-link-color has-bleu-roi-color has-text-color\">O\u00f9 ? Besan\u00e7on (25)<br>Quand ? Les jeudi 10 et vendredi 11 octobre<\/p>\n\n\n\n<hr class=\"wp-block-separator has-alpha-channel-opacity\" style=\"margin-top:var(--wp--preset--spacing--20);margin-bottom:var(--wp--preset--spacing--20)\"\/>\n\n\n\n<p>Rendez-vous cl\u00e9 entre les \u00e9lus et le monde des travaux publics (d\u00e9pendant \u00e0 plus de 60 % de la commande publique), le Carrefour des collectivit\u00e9s se tiendra\u00a0<strong>les 10 et 11 octobre \u00e0 Besan\u00e7on-Micropolis<\/strong>. Une 12e \u00e9dition o\u00f9 plus de 2 200 visiteurs sont attendus autour de 119 exposants et 21 conf\u00e9rences<br><br>Plus d&#8217;infos sur : <a href=\"https:\/\/www.carrefour-collectivites.fr\/\" rel=\"nofollow noopener\" target=\"_blank\">www.idealco.fr<\/a><\/p>\n\n\n\n<div style=\"height:0px\" aria-hidden=\"true\" class=\"wp-block-spacer wp-container-content-25aca3b5\"><\/div>\n<\/div>\n<\/div>\n\n\n\n<div class=\"wp-block-column is-layout-flow wp-block-column-is-layout-flow\">\n<div class=\"wp-block-group colonne_max is-vertical is-layout-flex wp-container-core-group-is-layout-fe9cc265 wp-block-group-is-layout-flex\">\n<ul class=\"wp-block-list\">\n<li style=\"font-size:1.2em\"><strong>Forum des Collectivit\u00e9s Territoriales &#8211; 11 octobre<\/strong><span id=\"docs-internal-guid-f32dc1d1-7fff-c2ba-bf4a-48461c52f609\"><div><span style=\"font-size: 11pt; font-family: Calibri, sans-serif; background-color: transparent; font-variant-numeric: normal; font-variant-east-asian: normal; font-variant-alternates: normal; font-variant-position: normal; vertical-align: baseline;\"><\/span><\/div><\/span><\/li>\n<\/ul>\n\n\n\n<p class=\"has-bleu-roi-color has-text-color has-link-color has-bleu-roi-color has-text-color\">O\u00f9 ? La Roche-sur-Foron (74)<br>Quand ? Le vendredi 11 octobre<\/p>\n\n\n\n<hr class=\"wp-block-separator has-alpha-channel-opacity\" style=\"margin-top:var(--wp--preset--spacing--20);margin-bottom:var(--wp--preset--spacing--20)\"\/>\n\n\n\n<p>Le Forum des Collectivit\u00e9s Territoriales de Haute-Savoie, qui se d\u00e9roulera conjointement avec le 91\u00e8me Congr\u00e8s des Maires de Haute-Savoie, m\u00eale la conduite de la politique locale et la gestion des collectivit\u00e9s au b\u00e9n\u00e9fice des citoyens et de l&#8217;int\u00e9r\u00eat g\u00e9n\u00e9ral. <br><br>Plus d&#8217;infos sur : <a href=\"https:\/\/www.forumcollectivites74.com\/\" rel=\"nofollow noopener\" target=\"_blank\">www.forumcollectivites74.com<\/a><\/p>\n\n\n\n<div style=\"height:0px\" aria-hidden=\"true\" class=\"wp-block-spacer wp-container-content-25aca3b5\"><\/div>\n<\/div>\n<\/div>\n<\/div>\n<\/div>\n","protected":false},"excerpt":{"rendered":"<p>Vous souhaitez en savoir plus sur Soval ? Rendez-vous sur les prochains salons professionnels d\u00e8s septembre 2024. Nous vous y attendons pour vous pr\u00e9senter notre nouvelle image de marque et vous faire d\u00e9couvrir nos solutions sur-mesure en mati\u00e8re d&#8217;adduction d&#8217;eau potable et de voirie. Profitez-en pour rencontrer nos experts technico-commerciaux et discuter de vos projets. [&hellip;]<\/p>\n","protected":false},"author":2,"featured_media":7108,"comment_status":"closed","ping_status":"closed","sticky":false,"template":"","format":"standard","meta":{"_acf_changed":false,"footnotes":""},"categories":[56,1],"tags":[],"class_list":["post-7106","post","type-post","status-publish","format-standard","has-post-thumbnail","hentry","category-actualite","category-non-classifiee"],"acf":[],"_links":{"self":[{"href":"https:\/\/www.soval.fr\/fr\/wp-json\/wp\/v2\/posts\/7106","targetHints":{"allow":["GET"]}}],"collection":[{"href":"https:\/\/www.soval.fr\/fr\/wp-json\/wp\/v2\/posts"}],"about":[{"href":"https:\/\/www.soval.fr\/fr\/wp-json\/wp\/v2\/types\/post"}],"author":[{"embeddable":true,"href":"https:\/\/www.soval.fr\/fr\/wp-json\/wp\/v2\/users\/2"}],"replies":[{"embeddable":true,"href":"https:\/\/www.soval.fr\/fr\/wp-json\/wp\/v2\/comments?post=7106"}],"version-history":[{"count":0,"href":"https:\/\/www.soval.fr\/fr\/wp-json\/wp\/v2\/posts\/7106\/revisions"}],"wp:featuredmedia":[{"embeddable":true,"href":"https:\/\/www.soval.fr\/fr\/wp-json\/wp\/v2\/media\/7108"}],"wp:attachment":[{"href":"https:\/\/www.soval.fr\/fr\/wp-json\/wp\/v2\/media?parent=7106"}],"wp:term":[{"taxonomy":"category","embeddable":true,"href":"https:\/\/www.soval.fr\/fr\/wp-json\/wp\/v2\/categories?post=7106"},{"taxonomy":"post_tag","embeddable":true,"href":"https:\/\/www.soval.fr\/fr\/wp-json\/wp\/v2\/tags?post=7106"}],"curies":[{"name":"wp","href":"https:\/\/api.w.org\/{rel}","templated":true}]}}